{"id":2522,"date":"2025-04-27T15:42:34","date_gmt":"2025-04-27T13:42:34","guid":{"rendered":"https:\/\/wnm.be\/?p=2522"},"modified":"2025-04-27T15:54:16","modified_gmt":"2025-04-27T13:54:16","slug":"ameliorez-la-visibilite-de-vos-podcasts-et-reportages-en-personnalisant-vos-bonnettes-micros-lafpadel-nous-a-confie-la-realisation-de-bonnettes-originales-belle-reussite-vous-aussi-contactez-no","status":"publish","type":"post","link":"https:\/\/wnm.be\/fr\/2025\/04\/27\/ameliorez-la-visibilite-de-vos-podcasts-et-reportages-en-personnalisant-vos-bonnettes-micros-lafpadel-nous-a-confie-la-realisation-de-bonnettes-originales-belle-reussite-vous-aussi-contactez-no\/","title":{"rendered":"Bonnettes micros personnalis\u00e9es"},"content":{"rendered":"\n<div class=\"wp-block-cover\"><img loading=\"lazy\" decoding=\"async\" width=\"945\" height=\"1024\" class=\"wp-block-cover__image-background wp-image-2523\" alt=\"\" src=\"https:\/\/wnm.be\/wp-content\/uploads\/2025\/04\/AFPADEL-bonnette-945x1024.jpg\" data-object-fit=\"cover\" srcset=\"https:\/\/wnm.be\/wp-content\/uploads\/2025\/04\/AFPADEL-bonnette-945x1024.jpg 945w, https:\/\/wnm.be\/wp-content\/uploads\/2025\/04\/AFPADEL-bonnette-450x488.jpg 450w, https:\/\/wnm.be\/wp-content\/uploads\/2025\/04\/AFPADEL-bonnette-1417x1536.jpg 1417w, https:\/\/wnm.be\/wp-content\/uploads\/2025\/04\/AFPADEL-bonnette-1890x2048.jpg 1890w, https:\/\/wnm.be\/wp-content\/uploads\/2025\/04\/AFPADEL-bonnette-415x450.jpg 415w\" sizes=\"auto, (max-width: 945px) 100vw, 945px\" \/><span aria-hidden=\"true\" class=\"wp-block-cover__background has-background-dim\"><\/span><div class=\"wp-block-cover__inner-container is-layout-flow wp-block-cover-is-layout-flow\">\n<p class=\"has-text-align-center has-large-font-size\"><\/p>\n<\/div><\/div>\n\n\n\n<div class=\"wp-block-columns is-layout-flex wp-container-core-columns-is-layout-9d6595d7 wp-block-columns-is-layout-flex\">\n<div class=\"wp-block-column is-layout-flow wp-block-column-is-layout-flow\" style=\"flex-basis:100%\"><\/div>\n<\/div>\n\n\n\n<p>Am\u00e9liorez la visibilit\u00e9 de vos podcasts et reportages en personnalisant vos bonnettes micros.<\/p>\n\n\n\n<p>l&rsquo;AFpadel nous a confi\u00e9 la r\u00e9alisation de bonnettes originales. Belle r\u00e9ussite ! Nous cr\u00e9ons tous types et toutes formes dans les quantit\u00e9s que vous souhaitez. <\/p>\n\n\n\n<p>N&rsquo;h\u00e9sitez pas, contactez-nous pour la fabrication de vos bonnettes qui donneront un plus \u00e0 votre visibilit\u00e9 !<\/p>\n\n\n\n<p>sales@wnm.be<\/p>\n","protected":false},"excerpt":{"rendered":"<p>Am\u00e9liorez la visibilit\u00e9 de vos podcasts et reportages en personnalisant vos bonnettes micros. l&rsquo;AFpadel nous a confi\u00e9 la r\u00e9alisation de bonnettes originales. Belle r\u00e9ussite ! Nous cr\u00e9ons tous types et toutes formes dans les quantit\u00e9s que vous souhaitez. N&rsquo;h\u00e9sitez pas, contactez-nous pour la fabrication de vos bonnettes qui donneront un plus \u00e0 votre visibilit\u00e9 ! [&hellip;]<\/p>\n","protected":false},"author":7,"featured_media":2532,"comment_status":"closed","ping_status":"closed","sticky":false,"template":"","format":"standard","meta":{"_acf_changed":false,"footnotes":""},"categories":[1],"tags":[],"class_list":["post-2522","post","type-post","status-publish","format-standard","has-post-thumbnail","hentry","category-non-classifiee"],"acf":[],"yoast_head":"<!-- This site is optimized with the Yoast SEO plugin v26.7 - https:\/\/yoast.com\/wordpress\/plugins\/seo\/ -->\n<title>Bonnettes micros personnalis\u00e9es B - WNM<\/title>\n<meta name=\"description\" content=\"%\" \/>\n<meta name=\"robots\" content=\"index, follow, max-snippet:-1, max-image-preview:large, max-video-preview:-1\" \/>\n<link rel=\"canonical\" href=\"https:\/\/wnm.be\/fr\/2025\/04\/27\/ameliorez-la-visibilite-de-vos-podcasts-et-reportages-en-personnalisant-vos-bonnettes-micros-lafpadel-nous-a-confie-la-realisation-de-bonnettes-originales-belle-reussite-vous-aussi-contactez-no\/\" \/>\n<meta property=\"og:locale\" content=\"fr_FR\" \/>\n<meta property=\"og:type\" content=\"article\" \/>\n<meta property=\"og:title\" content=\"Bonnettes micros personnalis\u00e9es B - WNM\" \/>\n<meta property=\"og:description\" content=\"%\" \/>\n<meta property=\"og:url\" content=\"https:\/\/wnm.be\/fr\/2025\/04\/27\/ameliorez-la-visibilite-de-vos-podcasts-et-reportages-en-personnalisant-vos-bonnettes-micros-lafpadel-nous-a-confie-la-realisation-de-bonnettes-originales-belle-reussite-vous-aussi-contactez-no\/\" \/>\n<meta property=\"og:site_name\" content=\"WNM\" \/>\n<meta property=\"article:published_time\" content=\"2025-04-27T13:42:34+00:00\" \/>\n<meta property=\"article:modified_time\" content=\"2025-04-27T13:54:16+00:00\" \/>\n<meta property=\"og:image\" content=\"https:\/\/wnm.be\/wp-content\/uploads\/2025\/04\/AFPADEL-bonnette-1-scaled.jpg\" \/>\n\t<meta property=\"og:image:width\" content=\"2362\" \/>\n\t<meta property=\"og:image:height\" content=\"2560\" \/>\n\t<meta property=\"og:image:type\" content=\"image\/jpeg\" \/>\n<meta name=\"author\" content=\"Gaetan Crenier\" \/>\n<meta name=\"twitter:card\" content=\"summary_large_image\" \/>\n<meta name=\"twitter:label1\" content=\"\u00c9crit par\" \/>\n\t<meta name=\"twitter:data1\" content=\"Gaetan Crenier\" \/>\n\t<meta name=\"twitter:label2\" content=\"Dur\u00e9e de lecture estim\u00e9e\" \/>\n\t<meta name=\"twitter:data2\" content=\"1 minute\" \/>\n<script type=\"application\/ld+json\" class=\"yoast-schema-graph\">{\"@context\":\"https:\/\/schema.org\",\"@graph\":[{\"@type\":\"Article\",\"@id\":\"https:\/\/wnm.be\/fr\/2025\/04\/27\/ameliorez-la-visibilite-de-vos-podcasts-et-reportages-en-personnalisant-vos-bonnettes-micros-lafpadel-nous-a-confie-la-realisation-de-bonnettes-originales-belle-reussite-vous-aussi-contactez-no\/#article\",\"isPartOf\":{\"@id\":\"https:\/\/wnm.be\/fr\/2025\/04\/27\/ameliorez-la-visibilite-de-vos-podcasts-et-reportages-en-personnalisant-vos-bonnettes-micros-lafpadel-nous-a-confie-la-realisation-de-bonnettes-originales-belle-reussite-vous-aussi-contactez-no\/\"},\"author\":{\"name\":\"Gaetan Crenier\",\"@id\":\"https:\/\/wnm.be\/fr\/#\/schema\/person\/bc3e423f52e0ae480840cf8ba6cd6be5\"},\"headline\":\"Bonnettes micros personnalis\u00e9es\",\"datePublished\":\"2025-04-27T13:42:34+00:00\",\"dateModified\":\"2025-04-27T13:54:16+00:00\",\"mainEntityOfPage\":{\"@id\":\"https:\/\/wnm.be\/fr\/2025\/04\/27\/ameliorez-la-visibilite-de-vos-podcasts-et-reportages-en-personnalisant-vos-bonnettes-micros-lafpadel-nous-a-confie-la-realisation-de-bonnettes-originales-belle-reussite-vous-aussi-contactez-no\/\"},\"wordCount\":67,\"image\":{\"@id\":\"https:\/\/wnm.be\/fr\/2025\/04\/27\/ameliorez-la-visibilite-de-vos-podcasts-et-reportages-en-personnalisant-vos-bonnettes-micros-lafpadel-nous-a-confie-la-realisation-de-bonnettes-originales-belle-reussite-vous-aussi-contactez-no\/#primaryimage\"},\"thumbnailUrl\":\"https:\/\/wnm.be\/wp-content\/uploads\/2025\/04\/AFPADEL-bonnette-1-scaled.jpg\",\"articleSection\":[\"Non classifi\u00e9(e)\"],\"inLanguage\":\"fr-FR\"},{\"@type\":\"WebPage\",\"@id\":\"https:\/\/wnm.be\/fr\/2025\/04\/27\/ameliorez-la-visibilite-de-vos-podcasts-et-reportages-en-personnalisant-vos-bonnettes-micros-lafpadel-nous-a-confie-la-realisation-de-bonnettes-originales-belle-reussite-vous-aussi-contactez-no\/\",\"url\":\"https:\/\/wnm.be\/fr\/2025\/04\/27\/ameliorez-la-visibilite-de-vos-podcasts-et-reportages-en-personnalisant-vos-bonnettes-micros-lafpadel-nous-a-confie-la-realisation-de-bonnettes-originales-belle-reussite-vous-aussi-contactez-no\/\",\"name\":\"Bonnettes micros personnalis\u00e9es B - WNM\",\"isPartOf\":{\"@id\":\"https:\/\/wnm.be\/fr\/#website\"},\"primaryImageOfPage\":{\"@id\":\"https:\/\/wnm.be\/fr\/2025\/04\/27\/ameliorez-la-visibilite-de-vos-podcasts-et-reportages-en-personnalisant-vos-bonnettes-micros-lafpadel-nous-a-confie-la-realisation-de-bonnettes-originales-belle-reussite-vous-aussi-contactez-no\/#primaryimage\"},\"image\":{\"@id\":\"https:\/\/wnm.be\/fr\/2025\/04\/27\/ameliorez-la-visibilite-de-vos-podcasts-et-reportages-en-personnalisant-vos-bonnettes-micros-lafpadel-nous-a-confie-la-realisation-de-bonnettes-originales-belle-reussite-vous-aussi-contactez-no\/#primaryimage\"},\"thumbnailUrl\":\"https:\/\/wnm.be\/wp-content\/uploads\/2025\/04\/AFPADEL-bonnette-1-scaled.jpg\",\"datePublished\":\"2025-04-27T13:42:34+00:00\",\"dateModified\":\"2025-04-27T13:54:16+00:00\",\"author\":{\"@id\":\"https:\/\/wnm.be\/fr\/#\/schema\/person\/bc3e423f52e0ae480840cf8ba6cd6be5\"},\"description\":\"%\",\"breadcrumb\":{\"@id\":\"https:\/\/wnm.be\/fr\/2025\/04\/27\/ameliorez-la-visibilite-de-vos-podcasts-et-reportages-en-personnalisant-vos-bonnettes-micros-lafpadel-nous-a-confie-la-realisation-de-bonnettes-originales-belle-reussite-vous-aussi-contactez-no\/#breadcrumb\"},\"inLanguage\":\"fr-FR\",\"potentialAction\":[{\"@type\":\"ReadAction\",\"target\":[\"https:\/\/wnm.be\/fr\/2025\/04\/27\/ameliorez-la-visibilite-de-vos-podcasts-et-reportages-en-personnalisant-vos-bonnettes-micros-lafpadel-nous-a-confie-la-realisation-de-bonnettes-originales-belle-reussite-vous-aussi-contactez-no\/\"]}]},{\"@type\":\"ImageObject\",\"inLanguage\":\"fr-FR\",\"@id\":\"https:\/\/wnm.be\/fr\/2025\/04\/27\/ameliorez-la-visibilite-de-vos-podcasts-et-reportages-en-personnalisant-vos-bonnettes-micros-lafpadel-nous-a-confie-la-realisation-de-bonnettes-originales-belle-reussite-vous-aussi-contactez-no\/#primaryimage\",\"url\":\"https:\/\/wnm.be\/wp-content\/uploads\/2025\/04\/AFPADEL-bonnette-1-scaled.jpg\",\"contentUrl\":\"https:\/\/wnm.be\/wp-content\/uploads\/2025\/04\/AFPADEL-bonnette-1-scaled.jpg\",\"width\":2362,\"height\":2560,\"caption\":\"un bel exemple de personnalisation en forme de balle de Padel\"},{\"@type\":\"BreadcrumbList\",\"@id\":\"https:\/\/wnm.be\/fr\/2025\/04\/27\/ameliorez-la-visibilite-de-vos-podcasts-et-reportages-en-personnalisant-vos-bonnettes-micros-lafpadel-nous-a-confie-la-realisation-de-bonnettes-originales-belle-reussite-vous-aussi-contactez-no\/#breadcrumb\",\"itemListElement\":[{\"@type\":\"ListItem\",\"position\":1,\"name\":\"Accueil\",\"item\":\"https:\/\/wnm.be\/fr\/\"},{\"@type\":\"ListItem\",\"position\":2,\"name\":\"Bonnettes micros personnalis\u00e9es\"}]},{\"@type\":\"WebSite\",\"@id\":\"https:\/\/wnm.be\/fr\/#website\",\"url\":\"https:\/\/wnm.be\/fr\/\",\"name\":\"WNM\",\"description\":\"\",\"potentialAction\":[{\"@type\":\"SearchAction\",\"target\":{\"@type\":\"EntryPoint\",\"urlTemplate\":\"https:\/\/wnm.be\/fr\/?s={search_term_string}\"},\"query-input\":{\"@type\":\"PropertyValueSpecification\",\"valueRequired\":true,\"valueName\":\"search_term_string\"}}],\"inLanguage\":\"fr-FR\"},{\"@type\":\"Person\",\"@id\":\"https:\/\/wnm.be\/fr\/#\/schema\/person\/bc3e423f52e0ae480840cf8ba6cd6be5\",\"name\":\"Gaetan Crenier\",\"image\":{\"@type\":\"ImageObject\",\"inLanguage\":\"fr-FR\",\"@id\":\"https:\/\/wnm.be\/fr\/#\/schema\/person\/image\/\",\"url\":\"https:\/\/secure.gravatar.com\/avatar\/d05f330e70e4f2fbb6895b90d09e7de506150ec4a82da9c2928d8fb401cae1e9?s=96&d=mm&r=g\",\"contentUrl\":\"https:\/\/secure.gravatar.com\/avatar\/d05f330e70e4f2fbb6895b90d09e7de506150ec4a82da9c2928d8fb401cae1e9?s=96&d=mm&r=g\",\"caption\":\"Gaetan Crenier\"},\"sameAs\":[\"https:\/\/www.wnm.be\"],\"url\":\"https:\/\/wnm.be\/fr\/author\/gaetan\/\"}]}<\/script>\n<!-- \/ Yoast SEO plugin. -->","yoast_head_json":{"title":"Bonnettes micros personnalis\u00e9es B - WNM","description":"%","robots":{"index":"index","follow":"follow","max-snippet":"max-snippet:-1","max-image-preview":"max-image-preview:large","max-video-preview":"max-video-preview:-1"},"canonical":"https:\/\/wnm.be\/fr\/2025\/04\/27\/ameliorez-la-visibilite-de-vos-podcasts-et-reportages-en-personnalisant-vos-bonnettes-micros-lafpadel-nous-a-confie-la-realisation-de-bonnettes-originales-belle-reussite-vous-aussi-contactez-no\/","og_locale":"fr_FR","og_type":"article","og_title":"Bonnettes micros personnalis\u00e9es B - WNM","og_description":"%","og_url":"https:\/\/wnm.be\/fr\/2025\/04\/27\/ameliorez-la-visibilite-de-vos-podcasts-et-reportages-en-personnalisant-vos-bonnettes-micros-lafpadel-nous-a-confie-la-realisation-de-bonnettes-originales-belle-reussite-vous-aussi-contactez-no\/","og_site_name":"WNM","article_published_time":"2025-04-27T13:42:34+00:00","article_modified_time":"2025-04-27T13:54:16+00:00","og_image":[{"width":2362,"height":2560,"url":"https:\/\/wnm.be\/wp-content\/uploads\/2025\/04\/AFPADEL-bonnette-1-scaled.jpg","type":"image\/jpeg"}],"author":"Gaetan Crenier","twitter_card":"summary_large_image","twitter_misc":{"\u00c9crit par":"Gaetan Crenier","Dur\u00e9e de lecture estim\u00e9e":"1 minute"},"schema":{"@context":"https:\/\/schema.org","@graph":[{"@type":"Article","@id":"https:\/\/wnm.be\/fr\/2025\/04\/27\/ameliorez-la-visibilite-de-vos-podcasts-et-reportages-en-personnalisant-vos-bonnettes-micros-lafpadel-nous-a-confie-la-realisation-de-bonnettes-originales-belle-reussite-vous-aussi-contactez-no\/#article","isPartOf":{"@id":"https:\/\/wnm.be\/fr\/2025\/04\/27\/ameliorez-la-visibilite-de-vos-podcasts-et-reportages-en-personnalisant-vos-bonnettes-micros-lafpadel-nous-a-confie-la-realisation-de-bonnettes-originales-belle-reussite-vous-aussi-contactez-no\/"},"author":{"name":"Gaetan Crenier","@id":"https:\/\/wnm.be\/fr\/#\/schema\/person\/bc3e423f52e0ae480840cf8ba6cd6be5"},"headline":"Bonnettes micros personnalis\u00e9es","datePublished":"2025-04-27T13:42:34+00:00","dateModified":"2025-04-27T13:54:16+00:00","mainEntityOfPage":{"@id":"https:\/\/wnm.be\/fr\/2025\/04\/27\/ameliorez-la-visibilite-de-vos-podcasts-et-reportages-en-personnalisant-vos-bonnettes-micros-lafpadel-nous-a-confie-la-realisation-de-bonnettes-originales-belle-reussite-vous-aussi-contactez-no\/"},"wordCount":67,"image":{"@id":"https:\/\/wnm.be\/fr\/2025\/04\/27\/ameliorez-la-visibilite-de-vos-podcasts-et-reportages-en-personnalisant-vos-bonnettes-micros-lafpadel-nous-a-confie-la-realisation-de-bonnettes-originales-belle-reussite-vous-aussi-contactez-no\/#primaryimage"},"thumbnailUrl":"https:\/\/wnm.be\/wp-content\/uploads\/2025\/04\/AFPADEL-bonnette-1-scaled.jpg","articleSection":["Non classifi\u00e9(e)"],"inLanguage":"fr-FR"},{"@type":"WebPage","@id":"https:\/\/wnm.be\/fr\/2025\/04\/27\/ameliorez-la-visibilite-de-vos-podcasts-et-reportages-en-personnalisant-vos-bonnettes-micros-lafpadel-nous-a-confie-la-realisation-de-bonnettes-originales-belle-reussite-vous-aussi-contactez-no\/","url":"https:\/\/wnm.be\/fr\/2025\/04\/27\/ameliorez-la-visibilite-de-vos-podcasts-et-reportages-en-personnalisant-vos-bonnettes-micros-lafpadel-nous-a-confie-la-realisation-de-bonnettes-originales-belle-reussite-vous-aussi-contactez-no\/","name":"Bonnettes micros personnalis\u00e9es B - WNM","isPartOf":{"@id":"https:\/\/wnm.be\/fr\/#website"},"primaryImageOfPage":{"@id":"https:\/\/wnm.be\/fr\/2025\/04\/27\/ameliorez-la-visibilite-de-vos-podcasts-et-reportages-en-personnalisant-vos-bonnettes-micros-lafpadel-nous-a-confie-la-realisation-de-bonnettes-originales-belle-reussite-vous-aussi-contactez-no\/#primaryimage"},"image":{"@id":"https:\/\/wnm.be\/fr\/2025\/04\/27\/ameliorez-la-visibilite-de-vos-podcasts-et-reportages-en-personnalisant-vos-bonnettes-micros-lafpadel-nous-a-confie-la-realisation-de-bonnettes-originales-belle-reussite-vous-aussi-contactez-no\/#primaryimage"},"thumbnailUrl":"https:\/\/wnm.be\/wp-content\/uploads\/2025\/04\/AFPADEL-bonnette-1-scaled.jpg","datePublished":"2025-04-27T13:42:34+00:00","dateModified":"2025-04-27T13:54:16+00:00","author":{"@id":"https:\/\/wnm.be\/fr\/#\/schema\/person\/bc3e423f52e0ae480840cf8ba6cd6be5"},"description":"%","breadcrumb":{"@id":"https:\/\/wnm.be\/fr\/2025\/04\/27\/ameliorez-la-visibilite-de-vos-podcasts-et-reportages-en-personnalisant-vos-bonnettes-micros-lafpadel-nous-a-confie-la-realisation-de-bonnettes-originales-belle-reussite-vous-aussi-contactez-no\/#breadcrumb"},"inLanguage":"fr-FR","potentialAction":[{"@type":"ReadAction","target":["https:\/\/wnm.be\/fr\/2025\/04\/27\/ameliorez-la-visibilite-de-vos-podcasts-et-reportages-en-personnalisant-vos-bonnettes-micros-lafpadel-nous-a-confie-la-realisation-de-bonnettes-originales-belle-reussite-vous-aussi-contactez-no\/"]}]},{"@type":"ImageObject","inLanguage":"fr-FR","@id":"https:\/\/wnm.be\/fr\/2025\/04\/27\/ameliorez-la-visibilite-de-vos-podcasts-et-reportages-en-personnalisant-vos-bonnettes-micros-lafpadel-nous-a-confie-la-realisation-de-bonnettes-originales-belle-reussite-vous-aussi-contactez-no\/#primaryimage","url":"https:\/\/wnm.be\/wp-content\/uploads\/2025\/04\/AFPADEL-bonnette-1-scaled.jpg","contentUrl":"https:\/\/wnm.be\/wp-content\/uploads\/2025\/04\/AFPADEL-bonnette-1-scaled.jpg","width":2362,"height":2560,"caption":"un bel exemple de personnalisation en forme de balle de Padel"},{"@type":"BreadcrumbList","@id":"https:\/\/wnm.be\/fr\/2025\/04\/27\/ameliorez-la-visibilite-de-vos-podcasts-et-reportages-en-personnalisant-vos-bonnettes-micros-lafpadel-nous-a-confie-la-realisation-de-bonnettes-originales-belle-reussite-vous-aussi-contactez-no\/#breadcrumb","itemListElement":[{"@type":"ListItem","position":1,"name":"Accueil","item":"https:\/\/wnm.be\/fr\/"},{"@type":"ListItem","position":2,"name":"Bonnettes micros personnalis\u00e9es"}]},{"@type":"WebSite","@id":"https:\/\/wnm.be\/fr\/#website","url":"https:\/\/wnm.be\/fr\/","name":"WNM","description":"","potentialAction":[{"@type":"SearchAction","target":{"@type":"EntryPoint","urlTemplate":"https:\/\/wnm.be\/fr\/?s={search_term_string}"},"query-input":{"@type":"PropertyValueSpecification","valueRequired":true,"valueName":"search_term_string"}}],"inLanguage":"fr-FR"},{"@type":"Person","@id":"https:\/\/wnm.be\/fr\/#\/schema\/person\/bc3e423f52e0ae480840cf8ba6cd6be5","name":"Gaetan Crenier","image":{"@type":"ImageObject","inLanguage":"fr-FR","@id":"https:\/\/wnm.be\/fr\/#\/schema\/person\/image\/","url":"https:\/\/secure.gravatar.com\/avatar\/d05f330e70e4f2fbb6895b90d09e7de506150ec4a82da9c2928d8fb401cae1e9?s=96&d=mm&r=g","contentUrl":"https:\/\/secure.gravatar.com\/avatar\/d05f330e70e4f2fbb6895b90d09e7de506150ec4a82da9c2928d8fb401cae1e9?s=96&d=mm&r=g","caption":"Gaetan Crenier"},"sameAs":["https:\/\/www.wnm.be"],"url":"https:\/\/wnm.be\/fr\/author\/gaetan\/"}]}},"_links":{"self":[{"href":"https:\/\/wnm.be\/fr\/wp-json\/wp\/v2\/posts\/2522","targetHints":{"allow":["GET"]}}],"collection":[{"href":"https:\/\/wnm.be\/fr\/wp-json\/wp\/v2\/posts"}],"about":[{"href":"https:\/\/wnm.be\/fr\/wp-json\/wp\/v2\/types\/post"}],"author":[{"embeddable":true,"href":"https:\/\/wnm.be\/fr\/wp-json\/wp\/v2\/users\/7"}],"replies":[{"embeddable":true,"href":"https:\/\/wnm.be\/fr\/wp-json\/wp\/v2\/comments?post=2522"}],"version-history":[{"count":5,"href":"https:\/\/wnm.be\/fr\/wp-json\/wp\/v2\/posts\/2522\/revisions"}],"predecessor-version":[{"id":2536,"href":"https:\/\/wnm.be\/fr\/wp-json\/wp\/v2\/posts\/2522\/revisions\/2536"}],"wp:featuredmedia":[{"embeddable":true,"href":"https:\/\/wnm.be\/fr\/wp-json\/wp\/v2\/media\/2532"}],"wp:attachment":[{"href":"https:\/\/wnm.be\/fr\/wp-json\/wp\/v2\/media?parent=2522"}],"wp:term":[{"taxonomy":"category","embeddable":true,"href":"https:\/\/wnm.be\/fr\/wp-json\/wp\/v2\/categories?post=2522"},{"taxonomy":"post_tag","embeddable":true,"href":"https:\/\/wnm.be\/fr\/wp-json\/wp\/v2\/tags?post=2522"}],"curies":[{"name":"wp","href":"https:\/\/api.w.org\/{rel}","templated":true}]}}