{"id":1884,"date":"2017-10-03T16:02:07","date_gmt":"2017-10-03T14:02:07","guid":{"rendered":"http:\/\/www.wnm.be\/?p=1884"},"modified":"2017-10-19T12:02:42","modified_gmt":"2017-10-19T10:02:42","slug":"conftvlocales","status":"publish","type":"post","link":"https:\/\/wnm.be\/fr\/2017\/10\/03\/conftvlocales\/","title":{"rendered":"Conf\u00e9rences m\u00e9dias et num\u00e9rique"},"content":{"rendered":"<p>WNM sera pr\u00e9sent ce samedi 14 octobre \u00e0 Namur dans le cadre des conf\u00e9rences m\u00e9dias et num\u00e9riques \u00e0 destination des t\u00e9l\u00e9visions locales.<\/p>\n<p>&nbsp;<\/p>\n<p><!--more--><\/p>\n<p>Pour la 2e ann\u00e9e cons\u00e9cutive, la F\u00e9d\u00e9ration des t\u00e9l\u00e9s locales organise une <strong>journ\u00e9e de conf\u00e9rences \u00ab\u00a0M\u00e9dias et num\u00e9rique\u00a0\u00bb<\/strong> \u00e0 destination de l&rsquo;ensemble des 12 t\u00e9l\u00e9visons locales belges francophones.<\/p>\n<p>Lors de <a href=\"http:\/\/teleslocales.be\/www\/conference_medias_numerique_2016-453.html\">l&rsquo;\u00e9dition 2016<\/a>, pas moins de 200 personnes aux profils vari\u00e9s des 12 t\u00e9l\u00e9visions avaient assist\u00e9 \u00e0 des conf\u00e9rences et d\u00e9bats \u00e0 propos du journalisme mobile, des innovations technologiques et de la r\u00e9volution num\u00e9rique, avec un taux de satisfaction de 97%.<\/p>\n<p>Forts de ce succ\u00e8s, nous lan\u00e7ons une 2e \u00e9dition le <strong>samedi 14 octobre 2017 \u00e0 Namur<\/strong>.<\/p>\n<p>&nbsp;<\/p>\n<p>Plus d&rsquo;infos:\u00a0<a href=\"http:\/\/www.teleslocales.be\/www\/conference_medias_numerique_2017-474.html\" target=\"_blank\" rel=\"noopener\">www.teleslocales.be\/www\/conference_medias_numerique<\/a><\/p>\n<p>&nbsp;<\/p>\n<p>&nbsp;<\/p>\n","protected":false},"excerpt":{"rendered":"<p>WNM sera pr\u00e9sent ce samedi 14 octobre \u00e0 Namur dans le cadre des conf\u00e9rences m\u00e9dias et num\u00e9riques \u00e0 destination des t\u00e9l\u00e9visions locales. &nbsp;<\/p>\n","protected":false},"author":7,"featured_media":1887,"comment_status":"open","ping_status":"open","sticky":false,"template":"","format":"standard","meta":{"_acf_changed":false,"footnotes":""},"categories":[1],"tags":[],"class_list":["post-1884","post","type-post","status-publish","format-standard","has-post-thumbnail","hentry","category-non-classifiee"],"acf":[],"yoast_head":"<!-- This site is optimized with the Yoast SEO plugin v26.7 - https:\/\/yoast.com\/wordpress\/plugins\/seo\/ -->\n<title>Conf\u00e9rences m\u00e9dias et num\u00e9rique - WNM<\/title>\n<meta name=\"robots\" content=\"index, follow, max-snippet:-1, max-image-preview:large, max-video-preview:-1\" \/>\n<link rel=\"canonical\" href=\"https:\/\/wnm.be\/fr\/2017\/10\/03\/conftvlocales\/\" \/>\n<meta property=\"og:locale\" content=\"fr_FR\" \/>\n<meta property=\"og:type\" content=\"article\" \/>\n<meta property=\"og:title\" content=\"Conf\u00e9rences m\u00e9dias et num\u00e9rique - WNM\" \/>\n<meta property=\"og:description\" content=\"WNM sera pr\u00e9sent ce samedi 14 octobre \u00e0 Namur dans le cadre des conf\u00e9rences m\u00e9dias et num\u00e9riques \u00e0 destination des t\u00e9l\u00e9visions locales. &nbsp;\" \/>\n<meta property=\"og:url\" content=\"https:\/\/wnm.be\/fr\/2017\/10\/03\/conftvlocales\/\" \/>\n<meta property=\"og:site_name\" content=\"WNM\" \/>\n<meta property=\"article:published_time\" content=\"2017-10-03T14:02:07+00:00\" \/>\n<meta property=\"article:modified_time\" content=\"2017-10-19T10:02:42+00:00\" \/>\n<meta property=\"og:image\" content=\"https:\/\/wnm.be\/wp-content\/uploads\/2017\/10\/News-Salons-media-et-num\u00e9rique.jpg\" \/>\n\t<meta property=\"og:image:width\" content=\"475\" \/>\n\t<meta property=\"og:image:height\" content=\"475\" \/>\n\t<meta property=\"og:image:type\" content=\"image\/jpeg\" \/>\n<meta name=\"author\" content=\"Gaetan Crenier\" \/>\n<meta name=\"twitter:card\" content=\"summary_large_image\" \/>\n<meta name=\"twitter:label1\" content=\"\u00c9crit par\" \/>\n\t<meta name=\"twitter:data1\" content=\"Gaetan Crenier\" \/>\n\t<meta name=\"twitter:label2\" content=\"Dur\u00e9e de lecture estim\u00e9e\" \/>\n\t<meta name=\"twitter:data2\" content=\"1 minute\" \/>\n<script type=\"application\/ld+json\" class=\"yoast-schema-graph\">{\"@context\":\"https:\/\/schema.org\",\"@graph\":[{\"@type\":\"Article\",\"@id\":\"https:\/\/wnm.be\/fr\/2017\/10\/03\/conftvlocales\/#article\",\"isPartOf\":{\"@id\":\"https:\/\/wnm.be\/fr\/2017\/10\/03\/conftvlocales\/\"},\"author\":{\"name\":\"Gaetan Crenier\",\"@id\":\"https:\/\/wnm.be\/fr\/#\/schema\/person\/bc3e423f52e0ae480840cf8ba6cd6be5\"},\"headline\":\"Conf\u00e9rences m\u00e9dias et num\u00e9rique\",\"datePublished\":\"2017-10-03T14:02:07+00:00\",\"dateModified\":\"2017-10-19T10:02:42+00:00\",\"mainEntityOfPage\":{\"@id\":\"https:\/\/wnm.be\/fr\/2017\/10\/03\/conftvlocales\/\"},\"wordCount\":144,\"commentCount\":0,\"image\":{\"@id\":\"https:\/\/wnm.be\/fr\/2017\/10\/03\/conftvlocales\/#primaryimage\"},\"thumbnailUrl\":\"https:\/\/wnm.be\/wp-content\/uploads\/2017\/10\/News-Salons-media-et-num\u00e9rique.jpg\",\"articleSection\":[\"Non classifi\u00e9(e)\"],\"inLanguage\":\"fr-FR\",\"potentialAction\":[{\"@type\":\"CommentAction\",\"name\":\"Comment\",\"target\":[\"https:\/\/wnm.be\/fr\/2017\/10\/03\/conftvlocales\/#respond\"]}]},{\"@type\":\"WebPage\",\"@id\":\"https:\/\/wnm.be\/fr\/2017\/10\/03\/conftvlocales\/\",\"url\":\"https:\/\/wnm.be\/fr\/2017\/10\/03\/conftvlocales\/\",\"name\":\"Conf\u00e9rences m\u00e9dias et num\u00e9rique - WNM\",\"isPartOf\":{\"@id\":\"https:\/\/wnm.be\/fr\/#website\"},\"primaryImageOfPage\":{\"@id\":\"https:\/\/wnm.be\/fr\/2017\/10\/03\/conftvlocales\/#primaryimage\"},\"image\":{\"@id\":\"https:\/\/wnm.be\/fr\/2017\/10\/03\/conftvlocales\/#primaryimage\"},\"thumbnailUrl\":\"https:\/\/wnm.be\/wp-content\/uploads\/2017\/10\/News-Salons-media-et-num\u00e9rique.jpg\",\"datePublished\":\"2017-10-03T14:02:07+00:00\",\"dateModified\":\"2017-10-19T10:02:42+00:00\",\"author\":{\"@id\":\"https:\/\/wnm.be\/fr\/#\/schema\/person\/bc3e423f52e0ae480840cf8ba6cd6be5\"},\"breadcrumb\":{\"@id\":\"https:\/\/wnm.be\/fr\/2017\/10\/03\/conftvlocales\/#breadcrumb\"},\"inLanguage\":\"fr-FR\",\"potentialAction\":[{\"@type\":\"ReadAction\",\"target\":[\"https:\/\/wnm.be\/fr\/2017\/10\/03\/conftvlocales\/\"]}]},{\"@type\":\"ImageObject\",\"inLanguage\":\"fr-FR\",\"@id\":\"https:\/\/wnm.be\/fr\/2017\/10\/03\/conftvlocales\/#primaryimage\",\"url\":\"https:\/\/wnm.be\/wp-content\/uploads\/2017\/10\/News-Salons-media-et-num\u00e9rique.jpg\",\"contentUrl\":\"https:\/\/wnm.be\/wp-content\/uploads\/2017\/10\/News-Salons-media-et-num\u00e9rique.jpg\",\"width\":475,\"height\":475},{\"@type\":\"BreadcrumbList\",\"@id\":\"https:\/\/wnm.be\/fr\/2017\/10\/03\/conftvlocales\/#breadcrumb\",\"itemListElement\":[{\"@type\":\"ListItem\",\"position\":1,\"name\":\"Accueil\",\"item\":\"https:\/\/wnm.be\/fr\/\"},{\"@type\":\"ListItem\",\"position\":2,\"name\":\"Conf\u00e9rences m\u00e9dias et num\u00e9rique\"}]},{\"@type\":\"WebSite\",\"@id\":\"https:\/\/wnm.be\/fr\/#website\",\"url\":\"https:\/\/wnm.be\/fr\/\",\"name\":\"WNM\",\"description\":\"\",\"potentialAction\":[{\"@type\":\"SearchAction\",\"target\":{\"@type\":\"EntryPoint\",\"urlTemplate\":\"https:\/\/wnm.be\/fr\/?s={search_term_string}\"},\"query-input\":{\"@type\":\"PropertyValueSpecification\",\"valueRequired\":true,\"valueName\":\"search_term_string\"}}],\"inLanguage\":\"fr-FR\"},{\"@type\":\"Person\",\"@id\":\"https:\/\/wnm.be\/fr\/#\/schema\/person\/bc3e423f52e0ae480840cf8ba6cd6be5\",\"name\":\"Gaetan Crenier\",\"image\":{\"@type\":\"ImageObject\",\"inLanguage\":\"fr-FR\",\"@id\":\"https:\/\/wnm.be\/fr\/#\/schema\/person\/image\/\",\"url\":\"https:\/\/secure.gravatar.com\/avatar\/d05f330e70e4f2fbb6895b90d09e7de506150ec4a82da9c2928d8fb401cae1e9?s=96&d=mm&r=g\",\"contentUrl\":\"https:\/\/secure.gravatar.com\/avatar\/d05f330e70e4f2fbb6895b90d09e7de506150ec4a82da9c2928d8fb401cae1e9?s=96&d=mm&r=g\",\"caption\":\"Gaetan Crenier\"},\"sameAs\":[\"https:\/\/www.wnm.be\"],\"url\":\"https:\/\/wnm.be\/fr\/author\/gaetan\/\"}]}<\/script>\n<!-- \/ Yoast SEO plugin. -->","yoast_head_json":{"title":"Conf\u00e9rences m\u00e9dias et num\u00e9rique - WNM","robots":{"index":"index","follow":"follow","max-snippet":"max-snippet:-1","max-image-preview":"max-image-preview:large","max-video-preview":"max-video-preview:-1"},"canonical":"https:\/\/wnm.be\/fr\/2017\/10\/03\/conftvlocales\/","og_locale":"fr_FR","og_type":"article","og_title":"Conf\u00e9rences m\u00e9dias et num\u00e9rique - WNM","og_description":"WNM sera pr\u00e9sent ce samedi 14 octobre \u00e0 Namur dans le cadre des conf\u00e9rences m\u00e9dias et num\u00e9riques \u00e0 destination des t\u00e9l\u00e9visions locales. &nbsp;","og_url":"https:\/\/wnm.be\/fr\/2017\/10\/03\/conftvlocales\/","og_site_name":"WNM","article_published_time":"2017-10-03T14:02:07+00:00","article_modified_time":"2017-10-19T10:02:42+00:00","og_image":[{"width":475,"height":475,"url":"https:\/\/wnm.be\/wp-content\/uploads\/2017\/10\/News-Salons-media-et-num\u00e9rique.jpg","type":"image\/jpeg"}],"author":"Gaetan Crenier","twitter_card":"summary_large_image","twitter_misc":{"\u00c9crit par":"Gaetan Crenier","Dur\u00e9e de lecture estim\u00e9e":"1 minute"},"schema":{"@context":"https:\/\/schema.org","@graph":[{"@type":"Article","@id":"https:\/\/wnm.be\/fr\/2017\/10\/03\/conftvlocales\/#article","isPartOf":{"@id":"https:\/\/wnm.be\/fr\/2017\/10\/03\/conftvlocales\/"},"author":{"name":"Gaetan Crenier","@id":"https:\/\/wnm.be\/fr\/#\/schema\/person\/bc3e423f52e0ae480840cf8ba6cd6be5"},"headline":"Conf\u00e9rences m\u00e9dias et num\u00e9rique","datePublished":"2017-10-03T14:02:07+00:00","dateModified":"2017-10-19T10:02:42+00:00","mainEntityOfPage":{"@id":"https:\/\/wnm.be\/fr\/2017\/10\/03\/conftvlocales\/"},"wordCount":144,"commentCount":0,"image":{"@id":"https:\/\/wnm.be\/fr\/2017\/10\/03\/conftvlocales\/#primaryimage"},"thumbnailUrl":"https:\/\/wnm.be\/wp-content\/uploads\/2017\/10\/News-Salons-media-et-num\u00e9rique.jpg","articleSection":["Non classifi\u00e9(e)"],"inLanguage":"fr-FR","potentialAction":[{"@type":"CommentAction","name":"Comment","target":["https:\/\/wnm.be\/fr\/2017\/10\/03\/conftvlocales\/#respond"]}]},{"@type":"WebPage","@id":"https:\/\/wnm.be\/fr\/2017\/10\/03\/conftvlocales\/","url":"https:\/\/wnm.be\/fr\/2017\/10\/03\/conftvlocales\/","name":"Conf\u00e9rences m\u00e9dias et num\u00e9rique - WNM","isPartOf":{"@id":"https:\/\/wnm.be\/fr\/#website"},"primaryImageOfPage":{"@id":"https:\/\/wnm.be\/fr\/2017\/10\/03\/conftvlocales\/#primaryimage"},"image":{"@id":"https:\/\/wnm.be\/fr\/2017\/10\/03\/conftvlocales\/#primaryimage"},"thumbnailUrl":"https:\/\/wnm.be\/wp-content\/uploads\/2017\/10\/News-Salons-media-et-num\u00e9rique.jpg","datePublished":"2017-10-03T14:02:07+00:00","dateModified":"2017-10-19T10:02:42+00:00","author":{"@id":"https:\/\/wnm.be\/fr\/#\/schema\/person\/bc3e423f52e0ae480840cf8ba6cd6be5"},"breadcrumb":{"@id":"https:\/\/wnm.be\/fr\/2017\/10\/03\/conftvlocales\/#breadcrumb"},"inLanguage":"fr-FR","potentialAction":[{"@type":"ReadAction","target":["https:\/\/wnm.be\/fr\/2017\/10\/03\/conftvlocales\/"]}]},{"@type":"ImageObject","inLanguage":"fr-FR","@id":"https:\/\/wnm.be\/fr\/2017\/10\/03\/conftvlocales\/#primaryimage","url":"https:\/\/wnm.be\/wp-content\/uploads\/2017\/10\/News-Salons-media-et-num\u00e9rique.jpg","contentUrl":"https:\/\/wnm.be\/wp-content\/uploads\/2017\/10\/News-Salons-media-et-num\u00e9rique.jpg","width":475,"height":475},{"@type":"BreadcrumbList","@id":"https:\/\/wnm.be\/fr\/2017\/10\/03\/conftvlocales\/#breadcrumb","itemListElement":[{"@type":"ListItem","position":1,"name":"Accueil","item":"https:\/\/wnm.be\/fr\/"},{"@type":"ListItem","position":2,"name":"Conf\u00e9rences m\u00e9dias et num\u00e9rique"}]},{"@type":"WebSite","@id":"https:\/\/wnm.be\/fr\/#website","url":"https:\/\/wnm.be\/fr\/","name":"WNM","description":"","potentialAction":[{"@type":"SearchAction","target":{"@type":"EntryPoint","urlTemplate":"https:\/\/wnm.be\/fr\/?s={search_term_string}"},"query-input":{"@type":"PropertyValueSpecification","valueRequired":true,"valueName":"search_term_string"}}],"inLanguage":"fr-FR"},{"@type":"Person","@id":"https:\/\/wnm.be\/fr\/#\/schema\/person\/bc3e423f52e0ae480840cf8ba6cd6be5","name":"Gaetan Crenier","image":{"@type":"ImageObject","inLanguage":"fr-FR","@id":"https:\/\/wnm.be\/fr\/#\/schema\/person\/image\/","url":"https:\/\/secure.gravatar.com\/avatar\/d05f330e70e4f2fbb6895b90d09e7de506150ec4a82da9c2928d8fb401cae1e9?s=96&d=mm&r=g","contentUrl":"https:\/\/secure.gravatar.com\/avatar\/d05f330e70e4f2fbb6895b90d09e7de506150ec4a82da9c2928d8fb401cae1e9?s=96&d=mm&r=g","caption":"Gaetan Crenier"},"sameAs":["https:\/\/www.wnm.be"],"url":"https:\/\/wnm.be\/fr\/author\/gaetan\/"}]}},"_links":{"self":[{"href":"https:\/\/wnm.be\/fr\/wp-json\/wp\/v2\/posts\/1884","targetHints":{"allow":["GET"]}}],"collection":[{"href":"https:\/\/wnm.be\/fr\/wp-json\/wp\/v2\/posts"}],"about":[{"href":"https:\/\/wnm.be\/fr\/wp-json\/wp\/v2\/types\/post"}],"author":[{"embeddable":true,"href":"https:\/\/wnm.be\/fr\/wp-json\/wp\/v2\/users\/7"}],"replies":[{"embeddable":true,"href":"https:\/\/wnm.be\/fr\/wp-json\/wp\/v2\/comments?post=1884"}],"version-history":[{"count":2,"href":"https:\/\/wnm.be\/fr\/wp-json\/wp\/v2\/posts\/1884\/revisions"}],"predecessor-version":[{"id":1905,"href":"https:\/\/wnm.be\/fr\/wp-json\/wp\/v2\/posts\/1884\/revisions\/1905"}],"wp:featuredmedia":[{"embeddable":true,"href":"https:\/\/wnm.be\/fr\/wp-json\/wp\/v2\/media\/1887"}],"wp:attachment":[{"href":"https:\/\/wnm.be\/fr\/wp-json\/wp\/v2\/media?parent=1884"}],"wp:term":[{"taxonomy":"category","embeddable":true,"href":"https:\/\/wnm.be\/fr\/wp-json\/wp\/v2\/categories?post=1884"},{"taxonomy":"post_tag","embeddable":true,"href":"https:\/\/wnm.be\/fr\/wp-json\/wp\/v2\/tags?post=1884"}],"curies":[{"name":"wp","href":"https:\/\/api.w.org\/{rel}","templated":true}]}}